{"id":9843,"date":"2013-09-26T11:52:07","date_gmt":"2013-09-26T09:52:07","guid":{"rendered":"http:\/\/fa86.noblogs.org\/?p=9843"},"modified":"2013-09-26T11:52:07","modified_gmt":"2013-09-26T09:52:07","slug":"le-monde-libertaire-n-1716-du-26-septembre-au-2-octobre-2013","status":"publish","type":"post","link":"https:\/\/fa86.noblogs.org\/?p=9843","title":{"rendered":"Le Monde Libertaire n\u00b0 1716 (du 26 septembre au 2 octobre 2013)"},"content":{"rendered":"<p style=\"text-align: justify\"><em><strong>NdPN<\/strong> : le ML hedo n\u00b01716 sort aujourd&rsquo;hui dans tous les bons kiosques, pour seulement 2 euros. Un exemplaire sera laiss\u00e9 en libre consultation au Biblio-Caf\u00e9 de Poitiers, rue de la Cath\u00e9drale. Trois articles sont d&rsquo;ores et d\u00e9j\u00e0 en ligne sur le site du Monde Libertaire (voir liens ci-dessous). Bonne lecture !<\/em><\/p>\n<p style=\"text-align: justify\"><strong>Le Monde Libertaire n\u00b0 1716 (du 26 septembre au 2 octobre 2013)<\/strong><\/p>\n<p style=\"text-align: justify\"><img loading=\"lazy\" decoding=\"async\" class=\"alignnone\" alt=\"\" src=\"http:\/\/img15.hostingpics.net\/pics\/332796ML1716recto.jpg\" width=\"400\" height=\"556\" \/><\/p>\n<p style=\"text-align: justify\"><em>\u00abJe vis dans un monde qui me r\u00e9pugne, mais je suis solidaire des hommes qui y souffrent.\u00bb &#8211; Albert Camus<\/em><\/p>\n<p style=\"text-align: justify\"><strong>Sommaire du Monde Libertaire\u00a0n\u00b0 1716<\/strong><\/p>\n<p style=\"text-align: justify\"><strong>Actualit\u00e9<\/strong><\/p>\n<p style=\"text-align: justify\"><a href=\"http:\/\/www.monde-libertaire.fr\/ecologie\/16619-nucleaire-iter-une-experience-megalo-inutile-et-dangereuse\" target=\"_blank\">Iter, nucl\u00e9aire s\u00e9curitaire, par Alexis, page 3<\/a><\/p>\n<p style=\"text-align: justify\">Non \u00e0 l\u2019intervention en Syrie, par FA, page 4<\/p>\n<p style=\"text-align: justify\"><a href=\"http:\/\/www.monde-libertaire.fr\/antisexisme\/16621-un-choix-un-droit-et-des-luttes\u2008\" target=\"_blank\">Droit \u00e0 l\u2019avortement, par E. Claude, page 5<\/a><\/p>\n<p style=\"text-align: justify\">M\u00e9t\u00e9o syndicale, par J.-P. Germain, page 6<\/p>\n<p style=\"text-align: justify\">Chez les r\u00e9acs, par P. Schindler, page 7<\/p>\n<p style=\"text-align: justify\"><a href=\"http:\/\/www.monde-libertaire.fr\/france\/16622-chronique-du-pays-du-trou\" target=\"_blank\">Hole-land, par L. Galopavo, page 8<\/a><\/p>\n<p style=\"text-align: justify\"><strong>Arguments<\/strong><\/p>\n<p style=\"text-align: justify\">Socialiser le salaire, par Alexis, page 9<\/p>\n<p style=\"text-align: justify\">Face aux violences sexuelles, par H. Hernandez, page 10<\/p>\n<p style=\"text-align: justify\"><strong>International<\/strong><\/p>\n<p style=\"text-align: justify\">Entretien : actualit\u00e9 de la Gr\u00e8ce, page 12<\/p>\n<p style=\"text-align: justify\">Bandes dessin\u00e9es cubaines, par D. Pinos, page 14<\/p>\n<p style=\"text-align: justify\">\u00c0 la recherche d\u2019un vieil Antonio (2), par G. Goutte, page 16<\/p>\n<p style=\"text-align: justify\"><strong>Histoire<\/strong><\/p>\n<p style=\"text-align: justify\">L\u00e9on Werth, par P. Salcedo, page 18<\/p>\n<p style=\"text-align: justify\"><strong>Le mouvement<\/strong><\/p>\n<p style=\"text-align: justify\">Tourn\u00e9e fran\u00e7aise des anarchistes grecs, par FA, page 21<\/p>\n<p style=\"text-align: justify\"><strong>Illustrations<\/strong><\/p>\n<p style=\"text-align: justify\">Aurelio, FYD, Jhano, Kalem, Krokaga, Manolo Prolo, Val\u00e8re, Yann<\/p>\n<p style=\"text-align: justify\"><strong>Editorial du Monde Libertaire\u00a0n\u00b0 1716<\/strong><\/p>\n<p style=\"text-align: justify\">Le fascisme a encore tu\u00e9. Cette fois-ci, c\u2019est en Gr\u00e8ce, o\u00f9 le mouvement n\u00e9onazi est en pleine expansion, qu\u2019il a s\u00e9vi. Sa victime\u00a0? Pavlos \u00ab\u00a0Killah P\u00a0\u00bb Fyssas, un rappeur antifasciste ath\u00e9nien. Rapidement, les flics ont arr\u00eat\u00e9 le coupable \u2013 un militant d\u2019Aube dor\u00e9e, parti nazi grec \u2013 et le gouvernement a promis une r\u00e9ponse s\u00e9v\u00e8re. Mais ne nous leurrons pas\u00a0: quelques flics et quelques ann\u00e9es de prison n\u2019endigueront pas la mont\u00e9e des discours et de la violence fascistes. Ce n\u2019est pas pour rien si ces mouvements se d\u00e9veloppent dans les p\u00e9riodes de crise. Bien qu\u2019au service des int\u00e9r\u00eats des bourgeoisies nationales, ils s\u2019appuient sur des revendications \u00ab\u00a0sociales\u00a0\u00bb teint\u00e9es de x\u00e9nophobie pour faire leur beurre. D\u00e8s lors, la r\u00e9ponse au fascisme ne r\u00e9side pas dans l\u2019\u00c9tat \u2013 qui en contient l\u2019essence m\u00eame \u2013, mais dans les entreprises\u00a0et dans les rues, sur le terrain du social. D\u00e9sertons ce champ de bataille, et nous y verrons fleurir les fascistes de tout poil. Et, si les d\u00e9monstrations de force dans les rues sont n\u00e9cessaires pour montrer aux nostalgiques du nazisme qu\u2019ils ne sont pas ici chez eux, notre implication dans les luttes du monde du travail (syndicalisme) et notre engagement dans la construction d\u2019alternatives libertaires concr\u00e8tes doivent \u00eatre nos priorit\u00e9s. Car derri\u00e8re les groupes ouvertement violents et extr\u00e9mistes se cache le FN, lequel, plus subtil, ne manque pas de se nourrir de ces faits divers pour tenter de se donner belle allure. Mais ce qu\u2019il vise, le pouvoir, est bien plus dangereux, pour la soci\u00e9t\u00e9, que quelques dizaines de brutes d\u00e9cervel\u00e9es. Pour autant, nulle union sacr\u00e9e n\u2019est envisageable, et il est plus que jamais n\u00e9cessaire de ne pas nous laisser berner par les sir\u00e8nes de l\u2019antifascisme bourgeois, lequel voudrait nous faire croire que la lutte des classes peut attendre. Le fascisme est intrins\u00e8quement li\u00e9 au capitalisme et ce n\u2019est qu\u2019en nous d\u00e9barrassant de ce dernier que nous le liquiderons.<\/p>\n","protected":false},"excerpt":{"rendered":"<p>NdPN : le ML hedo n\u00b01716 sort aujourd&rsquo;hui dans tous les bons kiosques, pour seulement 2 euros. Un exemplaire sera laiss\u00e9 en libre consultation au Biblio-Caf\u00e9 de Poitiers, rue de la Cath\u00e9drale. Trois articles sont d&rsquo;ores et d\u00e9j\u00e0 en ligne sur le site du Monde Libertaire (voir liens ci-dessous). Bonne lecture ! Le Monde Libertaire &hellip; <a href=\"https:\/\/fa86.noblogs.org\/?p=9843\" class=\"more-link\">Continuer la lecture de <span class=\"screen-reader-text\">Le Monde Libertaire n\u00b0 1716 (du 26 septembre au 2 octobre 2013)<\/span> <span class=\"meta-nav\">&rarr;<\/span><\/a><\/p>\n","protected":false},"author":2691,"featured_media":0,"comment_status":"closed","ping_status":"open","sticky":false,"template":"","format":"standard","meta":{"footnotes":""},"categories":[17,4],"tags":[],"class_list":["post-9843","post","type-post","status-publish","format-standard","hentry","category-education-populaire","category-se-trouver"],"_links":{"self":[{"href":"https:\/\/fa86.noblogs.org\/index.php?rest_route=\/wp\/v2\/posts\/9843","targetHints":{"allow":["GET"]}}],"collection":[{"href":"https:\/\/fa86.noblogs.org\/index.php?rest_route=\/wp\/v2\/posts"}],"about":[{"href":"https:\/\/fa86.noblogs.org\/index.php?rest_route=\/wp\/v2\/types\/post"}],"author":[{"embeddable":true,"href":"https:\/\/fa86.noblogs.org\/index.php?rest_route=\/wp\/v2\/users\/2691"}],"replies":[{"embeddable":true,"href":"https:\/\/fa86.noblogs.org\/index.php?rest_route=%2Fwp%2Fv2%2Fcomments&post=9843"}],"version-history":[{"count":1,"href":"https:\/\/fa86.noblogs.org\/index.php?rest_route=\/wp\/v2\/posts\/9843\/revisions"}],"predecessor-version":[{"id":9844,"href":"https:\/\/fa86.noblogs.org\/index.php?rest_route=\/wp\/v2\/posts\/9843\/revisions\/9844"}],"wp:attachment":[{"href":"https:\/\/fa86.noblogs.org\/index.php?rest_route=%2Fwp%2Fv2%2Fmedia&parent=9843"}],"wp:term":[{"taxonomy":"category","embeddable":true,"href":"https:\/\/fa86.noblogs.org\/index.php?rest_route=%2Fwp%2Fv2%2Fcategories&post=9843"},{"taxonomy":"post_tag","embeddable":true,"href":"https:\/\/fa86.noblogs.org\/index.php?rest_route=%2Fwp%2Fv2%2Ftags&post=9843"}],"curies":[{"name":"wp","href":"https:\/\/api.w.org\/{rel}","templated":true}]}}