{"id":9847,"date":"2013-09-27T16:08:21","date_gmt":"2013-09-27T14:08:21","guid":{"rendered":"http:\/\/fa86.noblogs.org\/?p=9847"},"modified":"2013-09-27T16:08:21","modified_gmt":"2013-09-27T14:08:21","slug":"roms-honte-aux-politicard-e-s","status":"publish","type":"post","link":"https:\/\/fa86.noblogs.org\/?p=9847","title":{"rendered":"Roms : honte aux politicard-e-s !"},"content":{"rendered":"<p style=\"text-align: justify\"><a href=\"http:\/\/www.bastamag.net\/article3338.html\" target=\"_blank\"><strong>Le Rom et la France<\/strong><\/a><\/p>\n<p style=\"text-align: justify\">Qu\u2019est-ce qu\u2019un Rom\u00a0? Quel est son mode de vie\u00a0? Comment le reconna\u00eetre\u00a0? A-t-il une morphologie particuli\u00e8re\u00a0? Une exposition \u00ab\u00a0Le Rom et la France\u00a0\u00bb pourrait \u00eatre organis\u00e9e le 23 mars 2014, sous le haut patronage de plusieurs personnalit\u00e9s politiques sp\u00e9cialistes du sujet\u00a0: Marine Le Pen bien s\u00fbr, mais aussi Manuel Valls, Nathalie Kosciusko-Morizet, Anne Hidalgo, Rachida Dati ou Michel Destot. Basta\u00a0! vous livre en exclusivit\u00e9 un avant-go\u00fbt du contenu probable de cet \u00e9v\u00e9nement sur le p\u00e9ril Rom. Attention \u00e0 ne pas vomir.<\/p>\n<div style=\"text-align: justify\">\n<p>Le 23 mars 2014, une exposition ouvrira ses portes simultan\u00e9ment dans toutes les villes de France. L\u2019exposition attirera beaucoup de visiteurs, notamment des enfants, \u00e0 qui l\u2019on expliquera <a href=\"http:\/\/paril.crdp.ac-caen.fr\/_PRODUCTIONS\/memorial\/enfants\/co\/exercice%20expo%20juifs.html\" target=\"_blank\" rel=\"external\">\u00ab\u00a0ce qu\u2019est un Rom\u00a0\u00bb<\/a>.<\/p>\n<p>Car les Roms ont des <i>\u00ab\u00a0modes de vie extr\u00eamement diff\u00e9rents des n\u00f4tres\u00a0\u00bb<\/i> (Manuel Valls, ministre de l\u2019Int\u00e9rieur, PS).<\/p>\n<p>Le Rom vit dans une caravane, comme l\u2019a r\u00e9v\u00e9l\u00e9 le scoop de <a href=\"http:\/\/www.20minutes.fr\/medias\/1211979-20130821-valeurs-actuelles-choc-contre-roms-suscite-critiques-virulentes\" target=\"_blank\" rel=\"external\"><i>Valeurs Actuelles<\/i><\/a>. Quand il ne se d\u00e9place pas en <i>\u00ab\u00a0flux de population\u00a0\u00bb<\/i>, le Rom et ses cong\u00e9n\u00e8res se regroupent de mani\u00e8re <i>\u00ab\u00a0anarchique\u00a0\u00bb<\/i> dans <i>\u00ab\u00a0des camps\u00a0\u00bb<\/i> \u2013 pas des bidonvilles \u2013 ce qui <i>\u00ab\u00a0engendre des situations de tensions terribles\u00a0\u00bb<\/i> (Michel Destot, maire PS de Grenoble). Une fois sa cabane install\u00e9e, le Rom exerce <i>\u00ab\u00a0des commerces ill\u00e9gaux, la mendicit\u00e9 des enfants, la prostitution\u00a0\u00bb<\/i> (Francis Chouat, maire PS d\u2019Evry).<\/p>\n<p>Les <i>\u00ab\u00a0bandes de Roms\u00a0\u00bb<\/i> se servent de leur camp comme base arri\u00e8re pour <i>\u00ab\u00a0d\u00e9pouiller\u00a0\u00bb<\/i>\u00a0 la population, en particulier parisienne, que le Rom <i>\u00ab\u00a0harc\u00e8le beaucoup\u00a0\u00bb<\/i> (Nathalie Kosciusko-Morizet, d\u00e9put\u00e9e, UMP).<\/p>\n<p>Car le Rom complote pour transformer la capitale en <i>\u00ab\u00a0un campement g\u00e9ant\u00a0\u00bb<\/i>, o\u00f9 il pourra ainsi s\u2019adonner massivement \u00e0 la <i>\u00ab\u00a0mendicit\u00e9 agressive\u00a0\u00bb<\/i> et \u00e0 la <i>\u00ab\u00a0prostitution\u00a0\u00bb<\/i> (tout cela n\u2019existait pas avant l\u2019arriv\u00e9e du Rom), via des <i>\u00ab\u00a0r\u00e9seaux criminels de d\u00e9linquance \u00e0 l\u2019\u00e9chelle europ\u00e9enne\u00a0\u00bb<\/i> (Anne Hidalgo, maire adjointe de Paris, PS)<\/p>\n<p>Car le Rom est fourbe. Grouillant dans la capitale, il <i>\u00ab\u00a0s\u2019agrippe aux cartables des enfants\u00a0\u00bb<\/i> et exerce <i>\u00ab\u00a0un v\u00e9ritable harc\u00e8lement \u00e0 la sortie des \u00e9coles\u00a0\u00bb<\/i> (Rachida Dati, maire du 7\u00e8me arrt de Paris, d\u00e9put\u00e9e europ\u00e9enne, UMP).<\/p>\n<p>La question Rom concerne autant la France urbaine que rurale.<\/p>\n<p>A la campagne, le Rom vole canards, ch\u00e8vres et autres volailles. Le Rom menace <i>\u00ab\u00a0le respect de la propri\u00e9t\u00e9 en France\u00a0\u00bb<\/i>. Avec ses cong\u00e9n\u00e8res, ils constituent des <i>\u00ab\u00a0populations qui sont en train de piller tout ce qu\u2019il y a autour d\u2019elles\u00a0\u00bb<\/i> (R\u00e9gis Cauche, Maire UMP de Croix, dans le Nord).<\/p>\n<p>Le Rom pratique dans nos campagnes la politique de la terre br\u00fbl\u00e9e, laissant dans son sillage des <i>\u00ab\u00a0animaux vol\u00e9s et \u00e9gorg\u00e9s, avec ces t\u00eates de chevaux jet\u00e9es le long des grillages, o\u00f9 elles pourrissent ensuite&#8230;\u00a0\u00bb<\/i> (Marine Le Pen, FN)<\/p>\n<p>Le Rom fait vivre <i>\u00ab\u00a0un v\u00e9ritable enfer\u00a0\u00bb<\/i> aux Fran\u00e7ais. Le Rom menace la France de <i>\u00ab\u00a0guerre civile\u00a0\u00bb<\/i> (Marine Le Pen, FN). Ce qui d\u00e9montre encore davantage sa fourberie puisque le Rom ne repr\u00e9sente que 0,003\u00a0% de la population.<\/p>\n<p>Si les Roms ne <i>\u00ab\u00a0ne sont pas tous des voleurs\u00a0\u00bb<\/i> (Marine Le Pen), les bons Roms ne sont qu\u2019une <i>\u00ab\u00a0minorit\u00e9\u00a0\u00bb<\/i> et il <i>\u00ab\u00a0est illusoire de penser qu\u2019on r\u00e8glera le probl\u00e8me des populations roms \u00e0 travers uniquement l\u2019insertion\u00a0\u00bb<\/i> (Manuel Valls).<\/p>\n<p>En cons\u00e9quence, <i>\u00ab\u00a0il faut mettre un terme \u00e0 l\u2019h\u00e9morragie rom en France\u00a0\u00bb<\/i> (Serge Godard, maire PS de Clermont-Ferrand)<\/p>\n<p>Et <i>\u00ab\u00a0L\u2019Union europ\u00e9enne doit trouver la solution de ces flux de populations\u00a0\u00bb<\/i> (Michel Destot, maire PS de Grenoble)<\/p>\n<p>Parce que finalement, <i>\u00ab\u00a0Hitler n\u2019en a pas peut-\u00eatre pas tu\u00e9 assez\u2026\u00a0\u00bb<\/i> (Gilles Bourdouleix, maire de Cholet et d\u00e9put\u00e9 ex-UDI).<\/p>\n<p>Voil\u00e0 ce qu\u2019est un Rom si l\u2019on met bout \u00e0 bout l\u2019ensemble des d\u00e9clarations de politiques ces derni\u00e8res semaines.\u00a0[<a id=\"nh1\" title=\"Citation de Manuel Valls, Citations de Michel Destot, Francis Chouat et\u00a0(...)\" href=\"http:\/\/www.bastamag.net\/article3338.html#nb1\" rel=\"footnote\">1<\/a>]<\/p>\n<p>Un concours est lanc\u00e9 pour actualiser l\u2019affiche de <a href=\"http:\/\/paril.crdp.ac-caen.fr\/_PRODUCTIONS\/memorial\/enfants\/co\/exercice%20expo%20juifs.html\" target=\"_blank\" rel=\"external\">la derni\u00e8re exposition de ce type<\/a>, organis\u00e9e <a href=\"http:\/\/www.ina.fr\/video\/AFE86001433\" target=\"_blank\" rel=\"external\">\u00e0 Paris en 1941<\/a>.<\/p>\n<p><a href=\"https:\/\/twitter.com\/IvanduRoy\" target=\"_blank\" rel=\"external\">Ivan du Roy<\/a><\/p>\n<\/div>\n<div style=\"text-align: justify\">\n<h4>Notes<\/h4>\n<div id=\"nb1\">\n<p>[<a title=\"Notes 1\" href=\"http:\/\/www.bastamag.net\/article3338.html#nh1\" rev=\"footnote\">1<\/a>]\u00a0Citation de <a href=\"http:\/\/www.lepoint.fr\/politique\/manuel-valls-sur-les-roms-je-n-ai-rien-a-corriger-25-09-2013-1734849_20.php\" rel=\"external\">Manuel Valls<\/a>, Citations de <a href=\"http:\/\/www.lemonde.fr\/societe\/article\/2013\/09\/26\/des-maires-de-grandes-villes-jugent-impossible-d-accueillir-les-roms_3485636_3224.html\" rel=\"external\">Michel Destot, Francis Chouat et Serge Godard<\/a>, Citations de <a href=\"http:\/\/www.lemonde.fr\/politique\/article\/2013\/09\/19\/nkm-droitise-sa-campagne-en-evoquant-le-harcelement-des-parisiens-par-les-roms_3481070_823448.html\" rel=\"external\">NKM<\/a>, Citations de <a href=\"http:\/\/www.20minutes.fr\/sport-paris\/1226515-20130923-roms-paris-peut-etre-campement-geant-anne-hidalgo\" rel=\"external\">Anne Hidalgo<\/a>, Citations de <a href=\"http:\/\/www.liberation.fr\/politiques\/2013\/09\/19\/nkm-et-dati-en-tournee-securitaire-au-pied-de-la-tour-eiffel_933148\" rel=\"external\">Rachida Dati<\/a>, Citation de <a href=\"http:\/\/www.lavoixdunord.fr\/region\/propos-anti-roms-du-maire-de-croix-un-appel-a-la-ia24b58791n1546599\" rel=\"external\">R\u00e9gis Cauche<\/a>, Citations de <a href=\"http:\/\/www.lemonde.fr\/politique\/article\/2013\/09\/20\/roms-marine-le-pen-evoque-une-ambiance-de-guerre-civile_3481653_823448.html\" rel=\"external\">Marine Le Pen<\/a>, Citation de <a href=\"http:\/\/www.europe1.fr\/Politique\/Gens-du-voyage-le-derapage-du-depute-maire-de-Cholet-1590425\/\" rel=\"external\">Gilles Bourdouleix<\/a>.<\/p>\n<p><em>Vu sur Bastamag, 27 septembre 2013<\/em><\/p>\n<\/div>\n<\/div>\n","protected":false},"excerpt":{"rendered":"<p>Le Rom et la France Qu\u2019est-ce qu\u2019un Rom\u00a0? Quel est son mode de vie\u00a0? Comment le reconna\u00eetre\u00a0? A-t-il une morphologie particuli\u00e8re\u00a0? Une exposition \u00ab\u00a0Le Rom et la France\u00a0\u00bb pourrait \u00eatre organis\u00e9e le 23 mars 2014, sous le haut patronage de plusieurs personnalit\u00e9s politiques sp\u00e9cialistes du sujet\u00a0: Marine Le Pen bien s\u00fbr, mais aussi Manuel Valls, &hellip; <a href=\"https:\/\/fa86.noblogs.org\/?p=9847\" class=\"more-link\">Continuer la lecture de <span class=\"screen-reader-text\">Roms : honte aux politicard-e-s !<\/span> <span class=\"meta-nav\">&rarr;<\/span><\/a><\/p>\n","protected":false},"author":2691,"featured_media":0,"comment_status":"closed","ping_status":"open","sticky":false,"template":"","format":"standard","meta":{"footnotes":""},"categories":[11,16],"tags":[],"class_list":["post-9847","post","type-post","status-publish","format-standard","hentry","category-ni-patrie-ni-frontiere","category-repression"],"_links":{"self":[{"href":"https:\/\/fa86.noblogs.org\/index.php?rest_route=\/wp\/v2\/posts\/9847","targetHints":{"allow":["GET"]}}],"collection":[{"href":"https:\/\/fa86.noblogs.org\/index.php?rest_route=\/wp\/v2\/posts"}],"about":[{"href":"https:\/\/fa86.noblogs.org\/index.php?rest_route=\/wp\/v2\/types\/post"}],"author":[{"embeddable":true,"href":"https:\/\/fa86.noblogs.org\/index.php?rest_route=\/wp\/v2\/users\/2691"}],"replies":[{"embeddable":true,"href":"https:\/\/fa86.noblogs.org\/index.php?rest_route=%2Fwp%2Fv2%2Fcomments&post=9847"}],"version-history":[{"count":2,"href":"https:\/\/fa86.noblogs.org\/index.php?rest_route=\/wp\/v2\/posts\/9847\/revisions"}],"predecessor-version":[{"id":9848,"href":"https:\/\/fa86.noblogs.org\/index.php?rest_route=\/wp\/v2\/posts\/9847\/revisions\/9848"}],"wp:attachment":[{"href":"https:\/\/fa86.noblogs.org\/index.php?rest_route=%2Fwp%2Fv2%2Fmedia&parent=9847"}],"wp:term":[{"taxonomy":"category","embeddable":true,"href":"https:\/\/fa86.noblogs.org\/index.php?rest_route=%2Fwp%2Fv2%2Fcategories&post=9847"},{"taxonomy":"post_tag","embeddable":true,"href":"https:\/\/fa86.noblogs.org\/index.php?rest_route=%2Fwp%2Fv2%2Ftags&post=9847"}],"curies":[{"name":"wp","href":"https:\/\/api.w.org\/{rel}","templated":true}]}}