{"id":9862,"date":"2013-09-28T09:34:52","date_gmt":"2013-09-28T07:34:52","guid":{"rendered":"http:\/\/fa86.noblogs.org\/?p=9862"},"modified":"2013-09-28T09:34:52","modified_gmt":"2013-09-28T07:34:52","slug":"poitiers-zone-dactivites-necronomiques-iv","status":"publish","type":"post","link":"https:\/\/fa86.noblogs.org\/?p=9862","title":{"rendered":"[Poitiers] Zone d&rsquo;Activit\u00e9s N\u00e9cronomiques IV"},"content":{"rendered":"<p style=\"text-align: justify\"><em><strong>NdPN<\/strong> : quelle issue trouver \u00e0 la \u00ab\u00a0crise\u00a0\u00bb de l&rsquo;effrayant mod\u00e8le n\u00e9crosant de croissance, de productivisme et de tout-marchandise qui n&rsquo;en finit plus de ravager la plan\u00e8te et l&rsquo;humanit\u00e9 ? Etendre toujours plus le b\u00e9ton, en voil\u00e0 une solution. A condition de le badigeonner d&rsquo;une bonne couche de peinture verte, avec l&rsquo;aide gr\u00e2cieuse des m\u00e9dias du peuple, et le tour est jou\u00e9 (nous avons soulign\u00e9 le passage le plus rigolo).<\/em><\/p>\n<p style=\"text-align: justify\"><a href=\"http:\/\/www.lanouvellerepublique.fr\/Vienne\/Actualite\/Politique\/n\/Contenus\/Articles\/2013\/09\/28\/Republique-IV-la-zone-d-activites-economiques-est-lancee-1629279\" target=\"_blank\"><strong>R\u00e9publique IV : la zone d&rsquo;activit\u00e9s \u00e9conomiques est lanc\u00e9e<\/strong><\/a><\/p>\n<p style=\"text-align: justify\">Les d\u00e9l\u00e9gu\u00e9s communautaires de Grand Poitiers ont valid\u00e9, hier, la cr\u00e9ation d&rsquo;une Zae (zone d&rsquo;activit\u00e9s \u00e9conomiques) \u00ab\u00a0R\u00e9publique IV\u00a0\u00bb dans le prolongement des zones d&rsquo;activit\u00e9s I, II et III au nord-ouest de Poitiers et sur Mign\u00e9-Auxances, englobant la zone commerciale de \u00ab\u00a0La Loge\u00a0\u00bb. Deux cents hectares, dont 150\u00a0seront commercialis\u00e9s\u2009: <span style=\"text-decoration: underline\"><strong>outre les voies de circulation (les modes de d\u00e9placement doux ne seront pas oubli\u00e9s), il est pr\u00e9vu des am\u00e9nagements paysagers et de tenir compte des esp\u00e8ces prot\u00e9g\u00e9es qui y vivent<\/strong><\/span>. L&rsquo;Etablissement public foncier a engag\u00e9 des n\u00e9gociations avec les propri\u00e9taires. <i>\u00ab\u00a0A ce jour, il n&rsquo;est pas pr\u00e9vu de proc\u00e9dures d&rsquo;expropriation\u00a0\u00bb,<\/i> a dit El Mustapha Belgsir, vice-pr\u00e9sident de Grand Poitiers en charge de l&rsquo;\u00e9conomie. Les acquisitions seront boucl\u00e9es en 2014, de mani\u00e8re \u00e0 d\u00e9marrer les travaux dans un an et de livrer les premi\u00e8res parcelles, fin 2015. Des parcelles de 1.500\u00a0\u00e0 5.000\u00a0m<sup>2<\/sup> pour les petites entreprises et pouvant aller jusqu&rsquo;\u00e0 10.000\u00a0m<sup>2<\/sup>.<\/p>\n<p style=\"text-align: justify\"><em>Nouvelle R\u00e9publique, 28 septembre 2013<\/em><\/p>\n","protected":false},"excerpt":{"rendered":"<p>NdPN : quelle issue trouver \u00e0 la \u00ab\u00a0crise\u00a0\u00bb de l&rsquo;effrayant mod\u00e8le n\u00e9crosant de croissance, de productivisme et de tout-marchandise qui n&rsquo;en finit plus de ravager la plan\u00e8te et l&rsquo;humanit\u00e9 ? Etendre toujours plus le b\u00e9ton, en voil\u00e0 une solution. A condition de le badigeonner d&rsquo;une bonne couche de peinture verte, avec l&rsquo;aide gr\u00e2cieuse des m\u00e9dias &hellip; <a href=\"https:\/\/fa86.noblogs.org\/?p=9862\" class=\"more-link\">Continuer la lecture de <span class=\"screen-reader-text\">[Poitiers] Zone d&rsquo;Activit\u00e9s N\u00e9cronomiques IV<\/span> <span class=\"meta-nav\">&rarr;<\/span><\/a><\/p>\n","protected":false},"author":2691,"featured_media":0,"comment_status":"closed","ping_status":"open","sticky":false,"template":"","format":"standard","meta":{"footnotes":""},"categories":[26,18,21,7],"tags":[],"class_list":["post-9862","post","type-post","status-publish","format-standard","hentry","category-construction-du-desert","category-decroissance-libertaire","category-desinformation-bourgeoise","category-propagande-marchande"],"_links":{"self":[{"href":"https:\/\/fa86.noblogs.org\/index.php?rest_route=\/wp\/v2\/posts\/9862","targetHints":{"allow":["GET"]}}],"collection":[{"href":"https:\/\/fa86.noblogs.org\/index.php?rest_route=\/wp\/v2\/posts"}],"about":[{"href":"https:\/\/fa86.noblogs.org\/index.php?rest_route=\/wp\/v2\/types\/post"}],"author":[{"embeddable":true,"href":"https:\/\/fa86.noblogs.org\/index.php?rest_route=\/wp\/v2\/users\/2691"}],"replies":[{"embeddable":true,"href":"https:\/\/fa86.noblogs.org\/index.php?rest_route=%2Fwp%2Fv2%2Fcomments&post=9862"}],"version-history":[{"count":1,"href":"https:\/\/fa86.noblogs.org\/index.php?rest_route=\/wp\/v2\/posts\/9862\/revisions"}],"predecessor-version":[{"id":9863,"href":"https:\/\/fa86.noblogs.org\/index.php?rest_route=\/wp\/v2\/posts\/9862\/revisions\/9863"}],"wp:attachment":[{"href":"https:\/\/fa86.noblogs.org\/index.php?rest_route=%2Fwp%2Fv2%2Fmedia&parent=9862"}],"wp:term":[{"taxonomy":"category","embeddable":true,"href":"https:\/\/fa86.noblogs.org\/index.php?rest_route=%2Fwp%2Fv2%2Fcategories&post=9862"},{"taxonomy":"post_tag","embeddable":true,"href":"https:\/\/fa86.noblogs.org\/index.php?rest_route=%2Fwp%2Fv2%2Ftags&post=9862"}],"curies":[{"name":"wp","href":"https:\/\/api.w.org\/{rel}","templated":true}]}}