{"id":9867,"date":"2013-09-30T16:37:33","date_gmt":"2013-09-30T14:37:33","guid":{"rendered":"http:\/\/fa86.noblogs.org\/?p=9867"},"modified":"2013-09-30T17:13:39","modified_gmt":"2013-09-30T15:13:39","slug":"poitiers-programme-du-forum-antirep-12-13-octobre-2013","status":"publish","type":"post","link":"https:\/\/fa86.noblogs.org\/?p=9867","title":{"rendered":"[Poitiers] Programme du forum antirep (12-13 octobre 2013)"},"content":{"rendered":"<p style=\"text-align: justify\">Le programme du forum antirep 2013 \u00e0 Poitiers est enfin disponible, et \u00e7a se passe\u00a0ici :<\/p>\n<p style=\"text-align: justify\"><a href=\"https:\/\/antirep2013.noblogs.org\/programme\/\">http:\/\/antirep2013.noblogs.org\/programme\/<\/a><\/p>\n<p style=\"text-align: justify\"><strong>Programme du samedi 12<\/strong><\/p>\n<p style=\"text-align: justify\"><strong>14:00<\/strong> : Pour le droit au logement et contre le contr\u00f4le social <strong>16:30<\/strong> : Du ghetto des cit\u00e9s \u00e0 la prison <strong>18:00<\/strong> : Pause casse-croute <strong>20:00<\/strong> : Les atteintes \u00e0 la libert\u00e9 de manifester \u00e0 Poitiers et ailleurs <strong>22:00<\/strong> : Discussion sur les moyens de notre autod\u00e9fense<\/p>\n<p style=\"text-align: justify\"><strong>Programme du dimanche 13<\/strong><\/p>\n<p style=\"text-align: justify\"><strong>10:00<\/strong> : Table ronde entre les diff\u00e9rents collectifs et individus luttant contre la r\u00e9pression<\/p>\n<p style=\"text-align: justify\"><em>Des tables de presse seront sur place tout le week-end<\/em><\/p>\n<p style=\"text-align: justify\"><strong><em>Entr\u00e9e libre et gratuite<\/em><\/strong><\/p>\n<p style=\"text-align: justify\"><strong>Visuels :<\/strong><\/p>\n<p style=\"text-align: justify\"><a href=\"https:\/\/antirep2013.noblogs.org\/files\/2013\/09\/antirep5.cleaned.pdf\">http:\/\/antirep2013.noblogs.org\/files\/2013\/09\/antirep5.cleaned.pdf<\/a><\/p>\n<p style=\"text-align: justify\">Pr\u00e9sentation du forum <a href=\"https:\/\/antirep2013.noblogs.org\/\" target=\"_blank\">ici <\/a>:<\/p>\n<p style=\"text-align: justify\"><strong>Poitiers, 12-13 octobre 2013 4e forum anti-r\u00e9pression<\/strong><\/p>\n<p style=\"text-align: justify\">Apr\u00e8s le 1er forum des 5-6 d\u00e9cembre 2009 (r\u00e9ponse \u00e0 la r\u00e9pression de la manifestation anticarc\u00e9rale du 10 octobre), un 2e forum s\u2019est tenu \u00e0 Poitiers les 13-14 novembre 2010, puis un troisi\u00e8me les 26-27 novembre 2011. Ce fut chaque fois l\u2019occasion d\u2019\u00e9changer des exp\u00e9riences et de d\u00e9battre sur l\u2019\u00e9volution de plus en plus r\u00e9pressive de notre soci\u00e9t\u00e9 avec divers acteurs\/militants poitevins, mais aussi avec des collectifs venus d\u2019un peu partout du Grand Ouest.<\/p>\n<p style=\"text-align: justify\">De \u00ab\u00a0la ville aux cent clochers\u00a0\u00bb de la droite traditionnelle, Poitiers la \u00ab\u00a0socialiste\u00a0\u00bb est devenue la ville aux cent proc\u00e8s contre celles et ceux qui entendent contester l\u2019ordre \u00e9tabli, r\u00e9clamer leur droit au logement ou \u00e0 ne pas \u00eatre expuls\u00e9s, ou tout simplement \u00e0 manifester dans la rue.<\/p>\n<p style=\"text-align: justify\">Cela fait maintenant seize mois que la gauche est au pouvoir au niveau national, et nous savions que cela ne changerait rien\u00a0! Le gouvernement socialo-\u00e9cologiste m\u00e8ne sans coup f\u00e9rir une politique de modernisation des outils r\u00e9pressifs \u00e0 l\u2019\u00e9gard de pans entiers de la soci\u00e9t\u00e9, qu\u2019il s\u2019agisse des salari\u00e9s, des immigr\u00e9s ou de tous les secteurs qui tentent de r\u00e9agir contre l\u2019offensive g\u00e9n\u00e9ralis\u00e9e du capital et de l\u2019\u00c9tat.<\/p>\n<p style=\"text-align: justify\">C\u2019est pourquoi nous invitons tous les collectifs de Poitiers et d\u2019ailleurs qui se sentent concern\u00e9s par ce constat \u00e0 participer \u00e0 <strong>deux nouvelles journ\u00e9es de discussions contre la r\u00e9pression et le contr\u00f4le social les samedi 12 (\u00e0 partir de 14 heures) et dimanche 13 octobre \u00e0 l\u2019Auberge de jeunesse de Poitiers, 1 all\u00e9e Roger Tagault<\/strong>.<\/p>\n<p style=\"text-align: justify\">Chacun apportera son exp\u00e9rience lors des diff\u00e9rents d\u00e9bats indiqu\u00e9s sur <strong><a title=\"Programme\" href=\"https:\/\/antirep2013.noblogs.org\/programme\/\" target=\"_blank\">le programme ci-joint<\/a><\/strong>, et le dimanche matin une table ronde entre les diff\u00e9rents collectifs et individus luttant contre la r\u00e9pression cl\u00f4turera ce forum o\u00f9 nous esp\u00e9rons vous voir nombreuses et nombreux.<\/p>\n","protected":false},"excerpt":{"rendered":"<p>Le programme du forum antirep 2013 \u00e0 Poitiers est enfin disponible, et \u00e7a se passe\u00a0ici : http:\/\/antirep2013.noblogs.org\/programme\/ Programme du samedi 12 14:00 : Pour le droit au logement et contre le contr\u00f4le social 16:30 : Du ghetto des cit\u00e9s \u00e0 la prison 18:00 : Pause casse-croute 20:00 : Les atteintes \u00e0 la libert\u00e9 de manifester &hellip; <a href=\"https:\/\/fa86.noblogs.org\/?p=9867\" class=\"more-link\">Continuer la lecture de <span class=\"screen-reader-text\">[Poitiers] Programme du forum antirep (12-13 octobre 2013)<\/span> <span class=\"meta-nav\">&rarr;<\/span><\/a><\/p>\n","protected":false},"author":2691,"featured_media":0,"comment_status":"closed","ping_status":"open","sticky":false,"template":"","format":"standard","meta":{"footnotes":""},"categories":[16,4],"tags":[],"class_list":["post-9867","post","type-post","status-publish","format-standard","hentry","category-repression","category-se-trouver"],"_links":{"self":[{"href":"https:\/\/fa86.noblogs.org\/index.php?rest_route=\/wp\/v2\/posts\/9867","targetHints":{"allow":["GET"]}}],"collection":[{"href":"https:\/\/fa86.noblogs.org\/index.php?rest_route=\/wp\/v2\/posts"}],"about":[{"href":"https:\/\/fa86.noblogs.org\/index.php?rest_route=\/wp\/v2\/types\/post"}],"author":[{"embeddable":true,"href":"https:\/\/fa86.noblogs.org\/index.php?rest_route=\/wp\/v2\/users\/2691"}],"replies":[{"embeddable":true,"href":"https:\/\/fa86.noblogs.org\/index.php?rest_route=%2Fwp%2Fv2%2Fcomments&post=9867"}],"version-history":[{"count":4,"href":"https:\/\/fa86.noblogs.org\/index.php?rest_route=\/wp\/v2\/posts\/9867\/revisions"}],"predecessor-version":[{"id":9872,"href":"https:\/\/fa86.noblogs.org\/index.php?rest_route=\/wp\/v2\/posts\/9867\/revisions\/9872"}],"wp:attachment":[{"href":"https:\/\/fa86.noblogs.org\/index.php?rest_route=%2Fwp%2Fv2%2Fmedia&parent=9867"}],"wp:term":[{"taxonomy":"category","embeddable":true,"href":"https:\/\/fa86.noblogs.org\/index.php?rest_route=%2Fwp%2Fv2%2Fcategories&post=9867"},{"taxonomy":"post_tag","embeddable":true,"href":"https:\/\/fa86.noblogs.org\/index.php?rest_route=%2Fwp%2Fv2%2Ftags&post=9867"}],"curies":[{"name":"wp","href":"https:\/\/api.w.org\/{rel}","templated":true}]}}