{"id":9893,"date":"2013-10-02T10:45:02","date_gmt":"2013-10-02T08:45:02","guid":{"rendered":"http:\/\/fa86.noblogs.org\/?p=9893"},"modified":"2013-10-02T10:45:02","modified_gmt":"2013-10-02T08:45:02","slug":"poitiers-nouvelle-greve-des-salarie-e-s-du-credit-agricole","status":"publish","type":"post","link":"https:\/\/fa86.noblogs.org\/?p=9893","title":{"rendered":"[Poitiers] Nouvelle gr\u00e8ve des salari\u00e9-e-s du Cr\u00e9dit Agricole"},"content":{"rendered":"<p style=\"text-align: justify\"><a href=\"http:\/\/www.lanouvellerepublique.fr\/Vienne\/Actualite\/Economie-social\/n\/Contenus\/Articles\/2013\/10\/02\/Pas-d-accord-apres-un-jour-de-greve-1634392\" target=\"_blank\"><strong>Pas d&rsquo;accord apr\u00e8s un jour de gr\u00e8ve<\/strong><\/a><\/p>\n<p id=\"articleChapo\" style=\"text-align: justify\">300\u00a0gr\u00e9vistes du Cr\u00e9dit Agricole sont rest\u00e9s hier devant la caisse Touraine- Poitou. Malgr\u00e9 deux rencontres avec la direction, aucun accord n\u2019a \u00e9t\u00e9 trouv\u00e9.<\/p>\n<p style=\"text-align: justify\">Grilles ferm\u00e9es \u00e0 la caisse r\u00e9gionale Touraine-Poitou, circulation ferm\u00e9e avenue Churchill \u00e0 Tours\u2009: les gr\u00e9vistes du Cr\u00e9dit Agricole n&rsquo;avaient jamais vu cela. Rien \u00e0 voir avec leur premi\u00e8re journ\u00e9e de gr\u00e8ve le 20\u00a0septembre dernier qui s&rsquo;\u00e9tait sold\u00e9e par le recrutement de 16\u00a0CDD. Venus des deux d\u00e9partements \u00e0 l&rsquo;appel de l&rsquo;intersyndicale CGT-CFDT-Sud-Unsa, les gr\u00e9vistes \u00e9taient hier environ 300\u00a0devant la caisse pour r\u00e9clamer notamment des embauches p\u00e9rennes. Au niveau r\u00e9gional, la gr\u00e8ve a \u00e9t\u00e9 suivie par 29\u2009% du personnel. La direction pr\u00e9cise que 8\u00a0points de vente ont \u00e9t\u00e9 ferm\u00e9s sur les 134. <i>\u00ab\u00a0Une centaine de postes a \u00e9t\u00e9 perdue en 5\u00a0ans. Nous sommes \u00e0 1.409\u00a0actuellement alors que nous \u00e9tions auparavant \u00e0 1.500. Des CDD ont \u00e9t\u00e9 embauch\u00e9s mais il s&rsquo;agit de postes techniques, pour lesquels il faut du personnel en CDI\u00a0\u00bb, <\/i>estime Jean-No\u00ebl Gouannet, secr\u00e9taire du Comit\u00e9 d&rsquo;Entreprise.<\/p>\n<div id=\"text\" style=\"text-align: justify\">\n<p><b>16\u00a0recrutements propos\u00e9s<\/b><\/p>\n<p>Autre motif de m\u00e9contentement, le nouveau syst\u00e8me informatique entr\u00e9 en fonction en mars dernier. Les salari\u00e9s l&rsquo;estiment pour l&rsquo;instant moins performant, source de ralentissement. Les dents ont grinc\u00e9 lorsqu&rsquo;au moment du basculement, 80\u00a0personnes ont obtenu des primes mais pas les autres. Enfin, en toile de fond, les salari\u00e9s voient se d\u00e9velopper les regroupements. Toujours d&rsquo;apr\u00e8s Jean-No\u00ebl Gouannet, 24\u00a0<i>\u00ab\u00a0coop\u00e9rations locales\u00a0\u00bb<\/i>, des regroupements, sont ainsi pr\u00e9vues au niveau local, facilit\u00e9es par le nouvel outil informatique. La mobilit\u00e9 du personnel reste une source d&rsquo;inqui\u00e9tude. En fin de matin\u00e9e, \u00e0 11\u2009h\u200930, une d\u00e9l\u00e9gation a \u00e9t\u00e9 re\u00e7ue par la direction* mais elle n&rsquo;a rien donn\u00e9. Elle a \u00e9t\u00e9 re\u00e7ue une deuxi\u00e8me fois \u00e0 15\u2009h, mais les deux parties n&rsquo;ont pas trouv\u00e9 d&rsquo;accord malgr\u00e9 la proposition de la direction de recruter 16\u00a0personnes en CDI. L&rsquo;intersyndicale trouvait insuffisante cette proposition ainsi que d&rsquo;autres comme le montant plancher d&rsquo;une r\u00e9cup\u00e9ration. Une nouvelle journ\u00e9e d&rsquo;action pourrait suivre.<\/p>\n<p><i>*La direction pr\u00e9cise que les revendications initiales portent sur \u00ab\u00a0une prime \u00e9galitaire de 1.000\u2009\u20ac pour tous, un accroissement des effectifs de 179\u00a0personnes\u00a0\u00bb. \u00ab\u00a0[\u2026] le dialogue social a permis de garantir la r\u00e9mun\u00e9ration commerciale variable, renforcer les services et les agences par le recrutement de 16\u00a0CDD, mettre en \u0153uvre des actions pour am\u00e9liorer le fonctionnement de l&rsquo;entreprise\u00a0\u00bb.<\/i><\/p>\n<p><em>Rapha\u00ebl Chambriard, Nouvelle R\u00e9publique, 2 octobre 2013<\/em><\/p>\n<\/div>\n","protected":false},"excerpt":{"rendered":"<p>Pas d&rsquo;accord apr\u00e8s un jour de gr\u00e8ve 300\u00a0gr\u00e9vistes du Cr\u00e9dit Agricole sont rest\u00e9s hier devant la caisse Touraine- Poitou. Malgr\u00e9 deux rencontres avec la direction, aucun accord n\u2019a \u00e9t\u00e9 trouv\u00e9. Grilles ferm\u00e9es \u00e0 la caisse r\u00e9gionale Touraine-Poitou, circulation ferm\u00e9e avenue Churchill \u00e0 Tours\u2009: les gr\u00e9vistes du Cr\u00e9dit Agricole n&rsquo;avaient jamais vu cela. Rien \u00e0 voir &hellip; <a href=\"https:\/\/fa86.noblogs.org\/?p=9893\" class=\"more-link\">Continuer la lecture de <span class=\"screen-reader-text\">[Poitiers] Nouvelle gr\u00e8ve des salari\u00e9-e-s du Cr\u00e9dit Agricole<\/span> <span class=\"meta-nav\">&rarr;<\/span><\/a><\/p>\n","protected":false},"author":2691,"featured_media":0,"comment_status":"closed","ping_status":"open","sticky":false,"template":"","format":"standard","meta":{"footnotes":""},"categories":[9],"tags":[],"class_list":["post-9893","post","type-post","status-publish","format-standard","hentry","category-la-rue-grogne"],"_links":{"self":[{"href":"https:\/\/fa86.noblogs.org\/index.php?rest_route=\/wp\/v2\/posts\/9893","targetHints":{"allow":["GET"]}}],"collection":[{"href":"https:\/\/fa86.noblogs.org\/index.php?rest_route=\/wp\/v2\/posts"}],"about":[{"href":"https:\/\/fa86.noblogs.org\/index.php?rest_route=\/wp\/v2\/types\/post"}],"author":[{"embeddable":true,"href":"https:\/\/fa86.noblogs.org\/index.php?rest_route=\/wp\/v2\/users\/2691"}],"replies":[{"embeddable":true,"href":"https:\/\/fa86.noblogs.org\/index.php?rest_route=%2Fwp%2Fv2%2Fcomments&post=9893"}],"version-history":[{"count":2,"href":"https:\/\/fa86.noblogs.org\/index.php?rest_route=\/wp\/v2\/posts\/9893\/revisions"}],"predecessor-version":[{"id":9895,"href":"https:\/\/fa86.noblogs.org\/index.php?rest_route=\/wp\/v2\/posts\/9893\/revisions\/9895"}],"wp:attachment":[{"href":"https:\/\/fa86.noblogs.org\/index.php?rest_route=%2Fwp%2Fv2%2Fmedia&parent=9893"}],"wp:term":[{"taxonomy":"category","embeddable":true,"href":"https:\/\/fa86.noblogs.org\/index.php?rest_route=%2Fwp%2Fv2%2Fcategories&post=9893"},{"taxonomy":"post_tag","embeddable":true,"href":"https:\/\/fa86.noblogs.org\/index.php?rest_route=%2Fwp%2Fv2%2Ftags&post=9893"}],"curies":[{"name":"wp","href":"https:\/\/api.w.org\/{rel}","templated":true}]}}