{"id":9896,"date":"2013-10-02T10:57:35","date_gmt":"2013-10-02T08:57:35","guid":{"rendered":"http:\/\/fa86.noblogs.org\/?p=9896"},"modified":"2013-10-02T10:57:35","modified_gmt":"2013-10-02T08:57:35","slug":"poitiers-pas-de-proces-pour-herve-couasnon","status":"publish","type":"post","link":"https:\/\/fa86.noblogs.org\/?p=9896","title":{"rendered":"[Poitiers] Pas de proc\u00e8s pour Herv\u00e9 Couasnon"},"content":{"rendered":"<p style=\"text-align: justify\"><em><strong>NdPN<\/strong> : Herv\u00e9 Couasnon \u00e9chappe donc \u00e0 un proc\u00e8s public et \u00e0 une condamnation \u00e9ventuelle, suite \u00e0 son intrusion dans la centrale de Civaux pour mettre publiquement sur la table le danger du nucl\u00e9aire. Ce proc\u00e8s, il le souhaitait pourtant&#8230; on notera le discours du parquet relay\u00e9 par la presse, r\u00e9duisant l&rsquo;engagement et la port\u00e9e politique de l&rsquo;action antinucl\u00e9aire de Herv\u00e9 Couasnon \u00e0\u00a0un d\u00e9sordre psychologique !<\/em><\/p>\n<p style=\"text-align: justify\"><a href=\"http:\/\/www.lanouvellerepublique.fr\/Vienne\/Actualite\/Faits-divers-justice\/n\/Contenus\/Articles\/2013\/10\/02\/Intrusion-a-Civaux-le-parquet-classe-le-dossier-1634078\" target=\"_blank\"><strong>Intrusion \u00e0 Civaux : le parquet classe le dossier<\/strong><\/a><\/p>\n<p id=\"articleChapo\" style=\"text-align: justify\">Il n\u2019y aura finalement pas de proc\u00e8s pour Herv\u00e9 Couasnon qui s\u2019\u00e9tait introduit dans la centrale nucl\u00e9aire de Civaux. Le parquet a d\u00e9cid\u00e9 de classer l\u2019affaire.<\/p>\n<p style=\"text-align: justify\">Apr\u00e8s deux passages avort\u00e9s devant la justice, l&rsquo;affaire de l&rsquo;intrusion dans la centrale nucl\u00e9aire de Civaux a \u00e9t\u00e9 purement et simplement class\u00e9e par le parquet de Poitiers.<\/p>\n<div id=\"text\" style=\"text-align: justify\">\n<p>C&rsquo;est l&rsquo;\u00e9pilogue de l&rsquo;un des nombreux exploits d&rsquo;Herv\u00e9 Couasnon, auto d\u00e9sign\u00e9 \u00ab\u00a0\u2009po\u00e8te escaladeur\u2009\u00a0\u00bb. Il s&rsquo;est fait une sp\u00e9cialit\u00e9 de p\u00e9n\u00e9trer dans des lieux hautement s\u00e9curis\u00e9s avant de s&rsquo;exprimer dans les m\u00e9dias pour d\u00e9noncer tel ou tel manquement ou \u00e9v\u00e9nement. Un jour, c&rsquo;est la s\u00e9curit\u00e9 d\u00e9faillante aux abords des centrales nucl\u00e9aires\u2009; un autre, c&rsquo;est l&rsquo;internement psychiatrique,\u00a0etc. etc&#8230; Herv\u00e9 Couasnon <strong>papillonne<\/strong> et d\u00e9concerte le monde judiciaire qui trouve des r\u00e9ponses diff\u00e9rentes \u00e0 chacun de ses exploits. Lorsqu&rsquo;il s&rsquo;introduit dans l&rsquo;enceinte de la centrale nucl\u00e9aire de Civaux, en mai\u00a02012, le parquet opte dans un premier temps pour une proc\u00e9dure de comparution sur reconnaissance pr\u00e9alable de culpabilit\u00e9. Un proc\u00e8s discret entre quatre yeux, dans le bureau d&rsquo;un parquetier, qu&rsquo;un juge est ensuite charg\u00e9 de valider. Ce proc\u00e8s, Herv\u00e9 Couasnon n&rsquo;en a pas voulu. <strong><i>\u00ab\u00a0Je veux un proc\u00e8s public\u00a0\u00bb<\/i>, clamait-il<\/strong> en assurant qu&rsquo;il voulait d\u00e9noncer haut et fort les carences suppos\u00e9es d&rsquo;EDF en mati\u00e8re de protection de ses sites.<\/p>\n<p><b>\u00ab\u00a0\u2009La publicit\u00e9 c&rsquo;est l&rsquo;acte en lui-m\u00eame\u2009\u00a0\u00bb<\/b><\/p>\n<p>Le proc\u00e8s est bel et bien programm\u00e9, en juillet dernier, mais il tourne court. Le tribunal correctionnel se d\u00e9clare incomp\u00e9tent. L&rsquo;affaire est du ressort d&rsquo;un tribunal \u00e0 comp\u00e9tence militaire, le po\u00e8te escaladeur ayant p\u00e9n\u00e9tr\u00e9 dans une enceinte int\u00e9ressant la D\u00e9fense nationale. Il revenait alors au parquet de citer \u00e0 nouveau l&rsquo;int\u00e9ress\u00e9 devant cette juridiction, qui si\u00e9geait hier \u00e0 Poitiers. Une possibilit\u00e9 \u00e9cart\u00e9e. <i>\u00ab\u00a0Il y a eu, depuis les faits commis \u00e0 Civaux, et depuis le proc\u00e8s de juillet dernier, des faits nouveaux. Compte tenu de ces \u00e9l\u00e9ments et du fait que <strong>ce Monsieur a fait l&rsquo;objet, cet \u00e9t\u00e9, d&rsquo;une hospitalisation sous contrainte et qu&rsquo;il n&rsquo;a jamais voulu se soumettre \u00e0 une expertise psychologique,<\/strong> nous avons d\u00e9cid\u00e9 de classer. Il s&rsquo;agit de faits maintenant anciens et qui n&rsquo;avaient pas eu de r\u00e9percussions\u00a0\u00bb<\/i>, rel\u00e8ve le procureur de la R\u00e9publique, Nicolas Jacquet. <strong>C&rsquo;est clairement la personnalit\u00e9 de l&rsquo;intrus qui est mise en avant et le sentiment que ses passages \u00e0 l&rsquo;acte rel\u00e8vent plus d&rsquo;une recherche de notori\u00e9t\u00e9 avec quelques probl\u00e8mes psychologiques. <i>\u00ab\u00a0C&rsquo;est la r\u00e9p\u00e9tition des passages \u00e0 l&rsquo;acte qui nous interroge\u00a0\u00bb<\/i>,<\/strong> souligne le procureur. Quant \u00e0 l&rsquo;intention suppos\u00e9e d&rsquo;\u00e9viter de donner une nouvelle tribune \u00e0 l&rsquo;int\u00e9ress\u00e9 en coupant court \u00e0 tout nouveau proc\u00e8s, le procureur balaie l&rsquo;argument\u2009:<i> \u00ab\u00a0La publicit\u00e9, il l&rsquo;a d\u00e9j\u00e0 largement. La publicit\u00e9, c&rsquo;est l&rsquo;acte en lui-m\u00eame.\u00a0\u00bb<\/i><\/p>\n<p><em>Emmanuel Coupaye, Nouvelle R\u00e9publique, 2 octobre 2013<\/em><\/p>\n<\/div>\n","protected":false},"excerpt":{"rendered":"<p>NdPN : Herv\u00e9 Couasnon \u00e9chappe donc \u00e0 un proc\u00e8s public et \u00e0 une condamnation \u00e9ventuelle, suite \u00e0 son intrusion dans la centrale de Civaux pour mettre publiquement sur la table le danger du nucl\u00e9aire. Ce proc\u00e8s, il le souhaitait pourtant&#8230; on notera le discours du parquet relay\u00e9 par la presse, r\u00e9duisant l&rsquo;engagement et la port\u00e9e &hellip; <a href=\"https:\/\/fa86.noblogs.org\/?p=9896\" class=\"more-link\">Continuer la lecture de <span class=\"screen-reader-text\">[Poitiers] Pas de proc\u00e8s pour Herv\u00e9 Couasnon<\/span> <span class=\"meta-nav\">&rarr;<\/span><\/a><\/p>\n","protected":false},"author":2691,"featured_media":0,"comment_status":"closed","ping_status":"open","sticky":false,"template":"","format":"standard","meta":{"footnotes":""},"categories":[25,21],"tags":[],"class_list":["post-9896","post","type-post","status-publish","format-standard","hentry","category-antinucleaire","category-desinformation-bourgeoise"],"_links":{"self":[{"href":"https:\/\/fa86.noblogs.org\/index.php?rest_route=\/wp\/v2\/posts\/9896","targetHints":{"allow":["GET"]}}],"collection":[{"href":"https:\/\/fa86.noblogs.org\/index.php?rest_route=\/wp\/v2\/posts"}],"about":[{"href":"https:\/\/fa86.noblogs.org\/index.php?rest_route=\/wp\/v2\/types\/post"}],"author":[{"embeddable":true,"href":"https:\/\/fa86.noblogs.org\/index.php?rest_route=\/wp\/v2\/users\/2691"}],"replies":[{"embeddable":true,"href":"https:\/\/fa86.noblogs.org\/index.php?rest_route=%2Fwp%2Fv2%2Fcomments&post=9896"}],"version-history":[{"count":2,"href":"https:\/\/fa86.noblogs.org\/index.php?rest_route=\/wp\/v2\/posts\/9896\/revisions"}],"predecessor-version":[{"id":9898,"href":"https:\/\/fa86.noblogs.org\/index.php?rest_route=\/wp\/v2\/posts\/9896\/revisions\/9898"}],"wp:attachment":[{"href":"https:\/\/fa86.noblogs.org\/index.php?rest_route=%2Fwp%2Fv2%2Fmedia&parent=9896"}],"wp:term":[{"taxonomy":"category","embeddable":true,"href":"https:\/\/fa86.noblogs.org\/index.php?rest_route=%2Fwp%2Fv2%2Fcategories&post=9896"},{"taxonomy":"post_tag","embeddable":true,"href":"https:\/\/fa86.noblogs.org\/index.php?rest_route=%2Fwp%2Fv2%2Ftags&post=9896"}],"curies":[{"name":"wp","href":"https:\/\/api.w.org\/{rel}","templated":true}]}}