{"id":9899,"date":"2013-10-03T09:25:23","date_gmt":"2013-10-03T07:25:23","guid":{"rendered":"http:\/\/fa86.noblogs.org\/?p=9899"},"modified":"2013-10-03T09:25:23","modified_gmt":"2013-10-03T07:25:23","slug":"poitiers-manif-des-salarie-e-s-de-la-sante-au-futuroscope","status":"publish","type":"post","link":"https:\/\/fa86.noblogs.org\/?p=9899","title":{"rendered":"[Poitiers] Manif des salari\u00e9-e-s de la sant\u00e9 au Futuroscope"},"content":{"rendered":"<p style=\"text-align: justify\"><a href=\"http:\/\/www.lanouvellerepublique.fr\/Vienne\/Services\/Toutes-les-DMAs\/n\/Contenus\/DMAs\/2013\/10\/02\/Manif-des-personnels-de-sante-ce-midi-au-Futuroscope-1634991\" target=\"_blank\"><strong>Manif des personnels de sant\u00e9, ce midi, au Futuroscope<\/strong><\/a><\/p>\n<p style=\"text-align: justify\">A l&rsquo;appel de l&rsquo;Union des syndicats CGT sant\u00e9 et action sociale de la Vienne, une journ\u00e9e de gr\u00e8ve est pr\u00e9vue ce jeudi, <strong>avec possibilit\u00e9 de reconduction<\/strong>. <strong>Les syndicalistes entendent protester contre les suppressions de postes et les restrictions budg\u00e9taires.<\/strong> Ils profiteront de la tenue du congr\u00e8s de la F\u00e9d\u00e9ration hospitali\u00e8re de France, aujourd&rsquo;hui au Futuroscope, pour manifester devant le Palais des congr\u00e8s. Un rassemblement est pr\u00e9vu \u00e0 midi.<\/p>\n<p style=\"text-align: justify\"><em>D\u00e9p\u00eache Nouvelle R\u00e9publique, 3 octobre 2013<\/em><\/p>\n","protected":false},"excerpt":{"rendered":"<p>Manif des personnels de sant\u00e9, ce midi, au Futuroscope A l&rsquo;appel de l&rsquo;Union des syndicats CGT sant\u00e9 et action sociale de la Vienne, une journ\u00e9e de gr\u00e8ve est pr\u00e9vue ce jeudi, avec possibilit\u00e9 de reconduction. Les syndicalistes entendent protester contre les suppressions de postes et les restrictions budg\u00e9taires. Ils profiteront de la tenue du congr\u00e8s &hellip; <a href=\"https:\/\/fa86.noblogs.org\/?p=9899\" class=\"more-link\">Continuer la lecture de <span class=\"screen-reader-text\">[Poitiers] Manif des salari\u00e9-e-s de la sant\u00e9 au Futuroscope<\/span> <span class=\"meta-nav\">&rarr;<\/span><\/a><\/p>\n","protected":false},"author":2691,"featured_media":0,"comment_status":"closed","ping_status":"open","sticky":false,"template":"","format":"standard","meta":{"footnotes":""},"categories":[9],"tags":[],"class_list":["post-9899","post","type-post","status-publish","format-standard","hentry","category-la-rue-grogne"],"_links":{"self":[{"href":"https:\/\/fa86.noblogs.org\/index.php?rest_route=\/wp\/v2\/posts\/9899","targetHints":{"allow":["GET"]}}],"collection":[{"href":"https:\/\/fa86.noblogs.org\/index.php?rest_route=\/wp\/v2\/posts"}],"about":[{"href":"https:\/\/fa86.noblogs.org\/index.php?rest_route=\/wp\/v2\/types\/post"}],"author":[{"embeddable":true,"href":"https:\/\/fa86.noblogs.org\/index.php?rest_route=\/wp\/v2\/users\/2691"}],"replies":[{"embeddable":true,"href":"https:\/\/fa86.noblogs.org\/index.php?rest_route=%2Fwp%2Fv2%2Fcomments&post=9899"}],"version-history":[{"count":1,"href":"https:\/\/fa86.noblogs.org\/index.php?rest_route=\/wp\/v2\/posts\/9899\/revisions"}],"predecessor-version":[{"id":9900,"href":"https:\/\/fa86.noblogs.org\/index.php?rest_route=\/wp\/v2\/posts\/9899\/revisions\/9900"}],"wp:attachment":[{"href":"https:\/\/fa86.noblogs.org\/index.php?rest_route=%2Fwp%2Fv2%2Fmedia&parent=9899"}],"wp:term":[{"taxonomy":"category","embeddable":true,"href":"https:\/\/fa86.noblogs.org\/index.php?rest_route=%2Fwp%2Fv2%2Fcategories&post=9899"},{"taxonomy":"post_tag","embeddable":true,"href":"https:\/\/fa86.noblogs.org\/index.php?rest_route=%2Fwp%2Fv2%2Ftags&post=9899"}],"curies":[{"name":"wp","href":"https:\/\/api.w.org\/{rel}","templated":true}]}}