{"id":9935,"date":"2013-10-09T09:32:53","date_gmt":"2013-10-09T07:32:53","guid":{"rendered":"http:\/\/fa86.noblogs.org\/?p=9935"},"modified":"2013-10-09T09:32:53","modified_gmt":"2013-10-09T07:32:53","slug":"notre-dame-des-landes-compte-rendu-de-laction-de-mise-en-culture-du-5-octobre","status":"publish","type":"post","link":"https:\/\/fa86.noblogs.org\/?p=9935","title":{"rendered":"[Notre-Dame-des-Landes] Compte-rendu de l&rsquo;action de mise en culture du 5 octobre"},"content":{"rendered":"<p style=\"text-align: justify\"><a href=\"http:\/\/zad.nadir.org\/spip.php?article1932\" target=\"_blank\"><strong>Samedi 5 Octobre 2013\u00a0: Sur la ZAD on S\u00e8me la R\u00e9sistance<\/strong><\/a><\/p>\n<p style=\"text-align: justify\">Une grande action de mise en culture de 24Ha au centre de la ZAD, a \u00e9t\u00e9 men\u00e9e collectivement par l\u2019ADECA, le r\u00e9seau du COPAIN44, et l\u2019Assembl\u00e9e S\u00c8ME TA ZAD. L\u2019ambiance de cette journ\u00e9e a \u00e9t\u00e9 magnifique\u00a0! Une dizaine de tracteur et beaucoup de travail manuel a permis de planter 4 haies et de semer du bl\u00e9 panifiable, de l\u2019\u00e9peautre, du seigle, de l\u2019avoine et du triticale. Une fois de plus, nous avons festoy\u00e9 et sem\u00e9 la r\u00e9sistance en bravant joyeusement les interdictions ridicules des pouvoirs ripoublicain, qui voudraient nous emp\u00eacher de cultiver notre nourriture.<\/p>\n<p style=\"text-align: justify\"><a href=\"http:\/\/zad.nadir.org\/IMG\/jpg\/11middle.jpg\"><img loading=\"lazy\" decoding=\"async\" alt=\"JPEG\" src=\"http:\/\/zad.nadir.org\/local\/cache-vignettes\/L150xH113\/11middle-2fb48-1a298.jpg\" width=\"150\" height=\"113\" \/><\/a><\/p>\n<p style=\"text-align: justify\">En cultivant ces terres ensemble, nous, paysan-ne-s impact\u00e9-e-s par le projet d\u2019a\u00e9roport, paysan-ne-s solidaires install\u00e9-e-s \u00e0 Bellevue et projets S\u00e8me ta Zad, tous occupants de la ZAD \u00e0 notre mani\u00e8re, r\u00e9duisons encore l\u2019emprise d\u2019AGO-Vinci sur la zone. Le coup de force des politiques \u00e0 Bruxelles conforte notre d\u00e9termination commune \u00e0 emp\u00eacher tous travaux de commencer. Cela s\u2019inscrit dans la continuit\u00e9 de la lutte sur ce territoire\u00a0:<\/p>\n<p style=\"text-align: justify\">refuser les expropriations, continuer \u00e0 cultiver les terres, mener des batailles juridiques, construire des villages de cabanes, vivre sur une route, occuper la ferme de Bellevue, installer diff\u00e9rents projets agricoles, penser la production de nourriture \u00e0 l\u2019\u00e9chelle de la zone et au-del\u00e0 ou encore mettre en place un \u00ab\u00a0march\u00e9 du carrefour de la Saulce lib\u00e9r\u00e9e\u00a0\u00bb. La r\u00e9cup\u00e9ration de ces parcelles, faisant coexister diff\u00e9rents types d\u2019agricultures, sera l\u2019occasion d\u2019exp\u00e9rimentations, de partage et de confrontation de diff\u00e9rentes visions du monde, nous projetant une fois de plus bien au-del\u00e0 de cette histoire d\u2019a\u00e9roport.<\/p>\n<p style=\"text-align: justify\">Nous avons f\u00eat\u00e9 cette nouvelle prise de terres aux mains d\u2019AGO, au travers de chantiers collectifs, d\u2019un repas et de prises de paroles.<\/p>\n<p style=\"text-align: justify\"><img loading=\"lazy\" decoding=\"async\" alt=\"\" src=\"http:\/\/zad.nadir.org\/local\/cache-vignettes\/L500xH376\/1-4-58818.jpg\" width=\"500\" height=\"376\" \/> <img loading=\"lazy\" decoding=\"async\" alt=\"\" src=\"http:\/\/zad.nadir.org\/local\/cache-vignettes\/L500xH376\/2-3-35871.jpg\" width=\"500\" height=\"376\" \/> <img loading=\"lazy\" decoding=\"async\" alt=\"\" src=\"http:\/\/zad.nadir.org\/local\/cache-vignettes\/L500xH376\/3-6dc9a.jpg\" width=\"500\" height=\"376\" \/><\/p>\n<p style=\"text-align: justify\"><img loading=\"lazy\" decoding=\"async\" alt=\"\" src=\"http:\/\/zad.nadir.org\/local\/cache-vignettes\/L500xH376\/4-ab087.jpg\" width=\"500\" height=\"376\" \/> <img loading=\"lazy\" decoding=\"async\" alt=\"\" src=\"http:\/\/zad.nadir.org\/local\/cache-vignettes\/L500xH376\/5-0f769.jpg\" width=\"500\" height=\"376\" \/> <img loading=\"lazy\" decoding=\"async\" alt=\"\" src=\"http:\/\/zad.nadir.org\/local\/cache-vignettes\/L500xH667\/6-2-0dc1c.jpg\" width=\"500\" height=\"667\" \/><\/p>\n<p style=\"text-align: justify\"><img loading=\"lazy\" decoding=\"async\" alt=\"\" src=\"http:\/\/zad.nadir.org\/local\/cache-vignettes\/L500xH376\/7-b292a.jpg\" width=\"500\" height=\"376\" \/> <img loading=\"lazy\" decoding=\"async\" alt=\"\" src=\"http:\/\/zad.nadir.org\/local\/cache-vignettes\/L500xH376\/8-bb514.jpg\" width=\"500\" height=\"376\" \/> <img loading=\"lazy\" decoding=\"async\" alt=\"\" src=\"http:\/\/zad.nadir.org\/local\/cache-vignettes\/L500xH376\/9-583c0.jpg\" width=\"500\" height=\"376\" \/><\/p>\n<p style=\"text-align: justify\"><img loading=\"lazy\" decoding=\"async\" alt=\"\" src=\"http:\/\/zad.nadir.org\/local\/cache-vignettes\/L500xH376\/10-123f3.jpg\" width=\"500\" height=\"376\" \/> <img loading=\"lazy\" decoding=\"async\" alt=\"\" src=\"http:\/\/zad.nadir.org\/local\/cache-vignettes\/L500xH376\/12-2d199.jpg\" width=\"500\" height=\"376\" \/> <img loading=\"lazy\" decoding=\"async\" alt=\"\" src=\"http:\/\/zad.nadir.org\/local\/cache-vignettes\/L500xH376\/13-152bc.jpg\" width=\"500\" height=\"376\" \/><\/p>\n<p style=\"text-align: justify\"><em>Vu sur zad.nadir.org, 7 octobre 2013<\/em><\/p>\n","protected":false},"excerpt":{"rendered":"<p>Samedi 5 Octobre 2013\u00a0: Sur la ZAD on S\u00e8me la R\u00e9sistance Une grande action de mise en culture de 24Ha au centre de la ZAD, a \u00e9t\u00e9 men\u00e9e collectivement par l\u2019ADECA, le r\u00e9seau du COPAIN44, et l\u2019Assembl\u00e9e S\u00c8ME TA ZAD. L\u2019ambiance de cette journ\u00e9e a \u00e9t\u00e9 magnifique\u00a0! Une dizaine de tracteur et beaucoup de travail &hellip; <a href=\"https:\/\/fa86.noblogs.org\/?p=9935\" class=\"more-link\">Continuer la lecture de <span class=\"screen-reader-text\">[Notre-Dame-des-Landes] Compte-rendu de l&rsquo;action de mise en culture du 5 octobre<\/span> <span class=\"meta-nav\">&rarr;<\/span><\/a><\/p>\n","protected":false},"author":2691,"featured_media":0,"comment_status":"closed","ping_status":"open","sticky":false,"template":"","format":"standard","meta":{"footnotes":""},"categories":[27,18,12],"tags":[],"class_list":["post-9935","post","type-post","status-publish","format-standard","hentry","category-alternatives-en-actes","category-decroissance-libertaire","category-okupa-y-resiste"],"_links":{"self":[{"href":"https:\/\/fa86.noblogs.org\/index.php?rest_route=\/wp\/v2\/posts\/9935","targetHints":{"allow":["GET"]}}],"collection":[{"href":"https:\/\/fa86.noblogs.org\/index.php?rest_route=\/wp\/v2\/posts"}],"about":[{"href":"https:\/\/fa86.noblogs.org\/index.php?rest_route=\/wp\/v2\/types\/post"}],"author":[{"embeddable":true,"href":"https:\/\/fa86.noblogs.org\/index.php?rest_route=\/wp\/v2\/users\/2691"}],"replies":[{"embeddable":true,"href":"https:\/\/fa86.noblogs.org\/index.php?rest_route=%2Fwp%2Fv2%2Fcomments&post=9935"}],"version-history":[{"count":2,"href":"https:\/\/fa86.noblogs.org\/index.php?rest_route=\/wp\/v2\/posts\/9935\/revisions"}],"predecessor-version":[{"id":9937,"href":"https:\/\/fa86.noblogs.org\/index.php?rest_route=\/wp\/v2\/posts\/9935\/revisions\/9937"}],"wp:attachment":[{"href":"https:\/\/fa86.noblogs.org\/index.php?rest_route=%2Fwp%2Fv2%2Fmedia&parent=9935"}],"wp:term":[{"taxonomy":"category","embeddable":true,"href":"https:\/\/fa86.noblogs.org\/index.php?rest_route=%2Fwp%2Fv2%2Fcategories&post=9935"},{"taxonomy":"post_tag","embeddable":true,"href":"https:\/\/fa86.noblogs.org\/index.php?rest_route=%2Fwp%2Fv2%2Ftags&post=9935"}],"curies":[{"name":"wp","href":"https:\/\/api.w.org\/{rel}","templated":true}]}}