{"id":9962,"date":"2013-10-15T17:29:38","date_gmt":"2013-10-15T15:29:38","guid":{"rendered":"http:\/\/fa86.noblogs.org\/?p=9962"},"modified":"2013-10-15T17:29:38","modified_gmt":"2013-10-15T15:29:38","slug":"86-rassemblements-contre-la-reforme-des-retraites","status":"publish","type":"post","link":"https:\/\/fa86.noblogs.org\/?p=9962","title":{"rendered":"[86] Rassemblements contre la r\u00e9forme des retraites"},"content":{"rendered":"<p style=\"text-align: justify\"><a href=\"http:\/\/www.lanouvellerepublique.fr\/Vienne\/Actualite\/Economie-social\/n\/Contenus\/Articles\/2013\/10\/15\/Retraites-cinq-cent-a-Chatellerault-et-autant-a-Poitiers-1651080\" target=\"_blank\"><strong>Retraites: cinq cent \u00e0 Chatellerault et autant \u00e0 Poitiers<\/strong><\/a><\/p>\n<p id=\"articleChapo\" style=\"text-align: justify\">A Poitiers comme \u00e0 Chatellerault, la manifestation contre le projet de r\u00e9forme des retraites n&rsquo;a pas \u00e9t\u00e9 aussi suivie que pr\u00e9vu. La faute au mauvais temps ?<\/p>\n<p style=\"text-align: justify\"><b>Mise \u00e0 jour : 16h30<\/b><\/p>\n<div id=\"text\" style=\"text-align: justify\">\n<p>Ils \u00e9taient 2 \u00e0 3 fois moins que lors de la premi\u00e8re manif, le 10 septembre, mais, malgr\u00e9 la pluie,\u00a0ils \u00e9taient tout de m\u00eame <b>500 dans la rue ce mardi matin \u00e0 Ch\u00e2tellerault contre la r\u00e9forme des retraites.<\/b> Des salari\u00e9s de nombreuses entreprises avaient r\u00e9pondu \u00e0 l&rsquo;appel de l&rsquo;intersyndicale CGT-FSU-Solidaires (Aigle, Coop Atlantique, fonderies, Snecma&#8230;), ainsi, pour la premi\u00e8re fois, qu&rsquo;une trentaine de jeunes. <i>\u00ab\u00a0On est contre cette r\u00e9forme dans l&rsquo;\u00e9tat o\u00f9 elle est,<\/i> souligne Alain Delaveau, de l&rsquo;intersyndicale<i>. C&rsquo;est les salari\u00e9s qui vont trinquer avec toutes les aides qu&rsquo;ils vont donner aux grands donneurs d&rsquo;ordre, tous ces actionnaires. <b>On veut partir \u00e0 soixante ans en bonne sant\u00e9.<\/b> Sur Ch\u00e2tellerault, les entreprises convoquent les anciens pour des ruptures conventionnelles en leur disant qu&rsquo;ils sont trop vieux, qu&rsquo;ils ne sont plus rentables. C&rsquo;est en contradiction la loi, qui pr\u00e9voit de garder les anciens jusqu&rsquo;\u00e0 62 ans. Les entreprises n&rsquo;en veulent pas!\u00a0\u00bb<\/i><\/p>\n<p>Apr\u00e8s un rassemblement sur l&rsquo;Esplanade Fran\u00e7ois-Mitterrand, les manifestants ont d\u00e9fil\u00e9 boulevard Blossac. On devrait en retrouver certains cet apr\u00e8s-midi au stade Rebeilleau \u00e0\u00a0Poitiers, o\u00f9 un rassemblement est pr\u00e9vu \u00e0 14h30.<\/p>\n<blockquote><p>\u00ab\u00a0Nous en avons marre, ce sont toujours les m\u00eames qui sont mis \u00e0 contribution\u00a0\u00bb<\/p><\/blockquote>\n<p>La pluie n&rsquo;a pas \u00e9mouss\u00e9 le courage de quelque<b> 500 personnes<\/b> venues \u00e0 l&rsquo;appel de l&rsquo;intersyndicale CGT-FSU-Solidaires, cet apr\u00e8s-midi <b>au stade Rebeilleau \u00e0 Poitiers<\/b>. Tous d\u00e9noncent le projet de r\u00e9forme des retraites, jug\u00e9 <i><b>\u00ab\u00a0injuste\u00a0\u00bb<\/b><\/i> par Eric Plat, secr\u00e9taire g\u00e9n\u00e9ral de la CGT Henri-Laborit. <i>\u00ab\u00a0Ce projet ne r\u00e9pond pas \u00e0 la p\u00e9nibilit\u00e9 rencontr\u00e9e dans le milieu hospitalier. Une aide-soignante, \u00e0 62 ans, ne peut plus porter de patients et soutenir la m\u00eame charge de travail, avec des horaires parfois difficiles\u00a0\u00bb<\/i>, ajoute ce dernier. Le ras-le-bol est \u00e9galement palpable aupr\u00e8s des salari\u00e9s de la S\u00e9curit\u00e9 sociale. \u00ab\u00a0<i>Nous en avons marre, ce sont toujours les m\u00eames qui sont mis \u00e0 contribution. Nous le voyons bien \u00e0 la S\u00e9curit\u00e9 sociale, ceux qui viennent sont en difficult\u00e9 et ce sont souvent des jeunes. L&rsquo;Etat \u00e9puise un syst\u00e8me social que beaucoup nous envient<\/i>\u00ab\u00a0, d\u00e9plore Carole Delage, secr\u00e9taire adjointe CGT-CPAM.<\/p>\n<p>Les syndicats esp\u00e8rent pouvoir porter le mouvement jusqu&rsquo;\u00e0 la fin de l&rsquo;ann\u00e9e si le projet n&rsquo;est pas modifi\u00e9.<\/p>\n<p><em>Alain Grimperelle et Aurore Ymonnet, Nouvelle R\u00e9publique, 15 octobre 2013<\/em><\/p>\n<\/div>\n","protected":false},"excerpt":{"rendered":"<p>Retraites: cinq cent \u00e0 Chatellerault et autant \u00e0 Poitiers A Poitiers comme \u00e0 Chatellerault, la manifestation contre le projet de r\u00e9forme des retraites n&rsquo;a pas \u00e9t\u00e9 aussi suivie que pr\u00e9vu. La faute au mauvais temps ? Mise \u00e0 jour : 16h30 Ils \u00e9taient 2 \u00e0 3 fois moins que lors de la premi\u00e8re manif, le &hellip; <a href=\"https:\/\/fa86.noblogs.org\/?p=9962\" class=\"more-link\">Continuer la lecture de <span class=\"screen-reader-text\">[86] Rassemblements contre la r\u00e9forme des retraites<\/span> <span class=\"meta-nav\">&rarr;<\/span><\/a><\/p>\n","protected":false},"author":2691,"featured_media":0,"comment_status":"closed","ping_status":"open","sticky":false,"template":"","format":"standard","meta":{"footnotes":""},"categories":[9],"tags":[],"class_list":["post-9962","post","type-post","status-publish","format-standard","hentry","category-la-rue-grogne"],"_links":{"self":[{"href":"https:\/\/fa86.noblogs.org\/index.php?rest_route=\/wp\/v2\/posts\/9962","targetHints":{"allow":["GET"]}}],"collection":[{"href":"https:\/\/fa86.noblogs.org\/index.php?rest_route=\/wp\/v2\/posts"}],"about":[{"href":"https:\/\/fa86.noblogs.org\/index.php?rest_route=\/wp\/v2\/types\/post"}],"author":[{"embeddable":true,"href":"https:\/\/fa86.noblogs.org\/index.php?rest_route=\/wp\/v2\/users\/2691"}],"replies":[{"embeddable":true,"href":"https:\/\/fa86.noblogs.org\/index.php?rest_route=%2Fwp%2Fv2%2Fcomments&post=9962"}],"version-history":[{"count":1,"href":"https:\/\/fa86.noblogs.org\/index.php?rest_route=\/wp\/v2\/posts\/9962\/revisions"}],"predecessor-version":[{"id":9963,"href":"https:\/\/fa86.noblogs.org\/index.php?rest_route=\/wp\/v2\/posts\/9962\/revisions\/9963"}],"wp:attachment":[{"href":"https:\/\/fa86.noblogs.org\/index.php?rest_route=%2Fwp%2Fv2%2Fmedia&parent=9962"}],"wp:term":[{"taxonomy":"category","embeddable":true,"href":"https:\/\/fa86.noblogs.org\/index.php?rest_route=%2Fwp%2Fv2%2Fcategories&post=9962"},{"taxonomy":"post_tag","embeddable":true,"href":"https:\/\/fa86.noblogs.org\/index.php?rest_route=%2Fwp%2Fv2%2Ftags&post=9962"}],"curies":[{"name":"wp","href":"https:\/\/api.w.org\/{rel}","templated":true}]}}