{"id":9973,"date":"2013-10-17T09:58:55","date_gmt":"2013-10-17T07:58:55","guid":{"rendered":"http:\/\/fa86.noblogs.org\/?p=9973"},"modified":"2013-10-17T10:15:47","modified_gmt":"2013-10-17T08:15:47","slug":"poitiers-securitaire-partout-justice-nulle-part","status":"publish","type":"post","link":"https:\/\/fa86.noblogs.org\/?p=9973","title":{"rendered":"[Poitiers] Quatre jours de show s\u00e9curitaire"},"content":{"rendered":"<p style=\"text-align: justify\"><a href=\"http:\/\/www.lanouvellerepublique.fr\/Vienne\/Actualite\/Faits-divers-justice\/n\/Contenus\/Articles\/2013\/10\/17\/Quatre-jours-au-coeur-de-la-securite-1652977\" target=\"_blank\">Les \u00ab\u00a0acteurs de la s\u00e9curit\u00e9\u00a0\u00bb font leur show de mercredi 16 au samedi 19 octobre<\/a>, \u00e0 Poitiers dans l&rsquo;in\u00e9narrable centre commercial des Cordeliers, mais aussi dans d&rsquo;autres lieux et d&rsquo;autres villes de la Vienne (notamment chez Dassault, fabriquant r\u00e9put\u00e9 de machines&#8230; gu\u00e8re s\u00e9curisantes pour tout le monde). Pompiers, ma\u00eetres nageurs sauveteurs, pr\u00e9vention routi\u00e8re seront pr\u00e9sents ; mais aussi flics, CRS et gendarmes. Logique.\u00a0\u00ab\u00a0Leur vocation c&rsquo;est votre s\u00e9curit\u00e9\u00a0\u00bb, nous dit la Nouvelle R\u00e9publique, mais \u00e0 qui s&rsquo;adresse donc ce journal\u00a0?\u00a0\u00a0Aux prolos que nous sommes, ou aux carnassiers du travail qui s&rsquo;enrichissent sur notre couenne, craignant qu&rsquo;on ne leur reprenne tout ce qu&rsquo;ils nous volent de vie au quotidien ? \u00ab\u00a0Premiers secours\u00a0\u00bb mis au m\u00eame niveau que la \u00ab\u00a0lutte contre le vol\u00a0\u00bb et les \u00ab\u00a0cambriolages dans les entreprises et les commerces\u00a0\u00bb :\u00a0on ne ferait pas mieux pour emballer gestes qui sauvent et gestes qui tuent dans le m\u00eame packaging d&rsquo;une pseudo cause commune ! Qui nous prot\u00e8gera des exploiteurs, des affameurs et du vol g\u00e9n\u00e9ralis\u00e9 de nos vies ? Il ne faudra h\u00e9las compter que sur nous-m\u00eames.<\/p>\n<p style=\"text-align: justify\"><a href=\"https:\/\/fa86.noblogs.org\/files\/2013\/10\/securite.jpg\"><img loading=\"lazy\" decoding=\"async\" class=\"alignnone size-full wp-image-9976\" alt=\"securite\" src=\"https:\/\/fa86.noblogs.org\/files\/2013\/10\/securite.jpg\" width=\"469\" height=\"300\" srcset=\"https:\/\/fa86.noblogs.org\/files\/2013\/10\/securite.jpg 469w, https:\/\/fa86.noblogs.org\/files\/2013\/10\/securite-300x191.jpg 300w\" sizes=\"auto, (max-width: 469px) 100vw, 469px\" \/><\/a><\/p>\n<p style=\"text-align: justify\">Cela dit, f\u00e9licitons-nous : pendant que les sp\u00e9cialistes de la matraque, du flingue et des menottes seront tout occup\u00e9s \u00e0 faire croire au badaud qu&rsquo;ils \u00ab\u00a0s\u00e9curisent\u00a0\u00bb notre quotidien, les salari\u00e9-e-s en lutte pour garder leur taf prendront peut-\u00eatre moins de gaz, de coups de tonfa et de projectiles de flashball dans la tronche ;\u00a0les \u00ab\u00a0marginaux\u00a0\u00bb seront peut-\u00eatre moins harcel\u00e9-e-s et d\u00e9gag\u00e9-e-s du centre-ville ;\u00a0les pauvres r\u00e9duits \u00e0 chourer de quoi bouffer seront moins gard\u00e9-e-s \u00e0 vue ;\u00a0les migrant-e-s seront moins arrach\u00e9-e-s \u00e0 leurs proches et envoy\u00e9-e-s en centres de r\u00e9tention ; les manifestant-e-s seront moins harcel\u00e9-e-s et tra\u00een\u00e9-e-s en proc\u00e8s pour avoir eu le courage d&rsquo;exprimer leurs id\u00e9es. Quatre jours : un petit r\u00e9pit pour nous sentir plus en <em>s\u00e9curit\u00e9<\/em> face aux milices du capital, vaquant \u00e0 leur sale propagande s\u00e9curitaire. Toujours \u00e7a de pris.<\/p>\n<p style=\"text-align: justify\"><em>Juanito, Pavillon Noir, 17 octobre 2013<\/em><\/p>\n","protected":false},"excerpt":{"rendered":"<p>Les \u00ab\u00a0acteurs de la s\u00e9curit\u00e9\u00a0\u00bb font leur show de mercredi 16 au samedi 19 octobre, \u00e0 Poitiers dans l&rsquo;in\u00e9narrable centre commercial des Cordeliers, mais aussi dans d&rsquo;autres lieux et d&rsquo;autres villes de la Vienne (notamment chez Dassault, fabriquant r\u00e9put\u00e9 de machines&#8230; gu\u00e8re s\u00e9curisantes pour tout le monde). Pompiers, ma\u00eetres nageurs sauveteurs, pr\u00e9vention routi\u00e8re seront pr\u00e9sents &hellip; <a href=\"https:\/\/fa86.noblogs.org\/?p=9973\" class=\"more-link\">Continuer la lecture de <span class=\"screen-reader-text\">[Poitiers] Quatre jours de show s\u00e9curitaire<\/span> <span class=\"meta-nav\">&rarr;<\/span><\/a><\/p>\n","protected":false},"author":2691,"featured_media":0,"comment_status":"closed","ping_status":"open","sticky":false,"template":"","format":"standard","meta":{"footnotes":""},"categories":[8,16],"tags":[],"class_list":["post-9973","post","type-post","status-publish","format-standard","hentry","category-ecrits","category-repression"],"_links":{"self":[{"href":"https:\/\/fa86.noblogs.org\/index.php?rest_route=\/wp\/v2\/posts\/9973","targetHints":{"allow":["GET"]}}],"collection":[{"href":"https:\/\/fa86.noblogs.org\/index.php?rest_route=\/wp\/v2\/posts"}],"about":[{"href":"https:\/\/fa86.noblogs.org\/index.php?rest_route=\/wp\/v2\/types\/post"}],"author":[{"embeddable":true,"href":"https:\/\/fa86.noblogs.org\/index.php?rest_route=\/wp\/v2\/users\/2691"}],"replies":[{"embeddable":true,"href":"https:\/\/fa86.noblogs.org\/index.php?rest_route=%2Fwp%2Fv2%2Fcomments&post=9973"}],"version-history":[{"count":10,"href":"https:\/\/fa86.noblogs.org\/index.php?rest_route=\/wp\/v2\/posts\/9973\/revisions"}],"predecessor-version":[{"id":9984,"href":"https:\/\/fa86.noblogs.org\/index.php?rest_route=\/wp\/v2\/posts\/9973\/revisions\/9984"}],"wp:attachment":[{"href":"https:\/\/fa86.noblogs.org\/index.php?rest_route=%2Fwp%2Fv2%2Fmedia&parent=9973"}],"wp:term":[{"taxonomy":"category","embeddable":true,"href":"https:\/\/fa86.noblogs.org\/index.php?rest_route=%2Fwp%2Fv2%2Fcategories&post=9973"},{"taxonomy":"post_tag","embeddable":true,"href":"https:\/\/fa86.noblogs.org\/index.php?rest_route=%2Fwp%2Fv2%2Ftags&post=9973"}],"curies":[{"name":"wp","href":"https:\/\/api.w.org\/{rel}","templated":true}]}}