{"id":9987,"date":"2013-10-17T10:26:01","date_gmt":"2013-10-17T08:26:01","guid":{"rendered":"http:\/\/fa86.noblogs.org\/?p=9987"},"modified":"2013-10-21T16:19:09","modified_gmt":"2013-10-21T14:19:09","slug":"poitiers-1er-novembre-projection-de-ne-vivons-plus-comme-des-esclaves","status":"publish","type":"post","link":"https:\/\/fa86.noblogs.org\/?p=9987","title":{"rendered":"[Poitiers] 1er novembre, projection de \u00ab\u00a0Ne vivons plus comme des esclaves\u00a0\u00bb"},"content":{"rendered":"<p style=\"text-align: justify\">Ne vivons plus comme des esclaves !<\/p>\n<p style=\"text-align: justify\">C&rsquo;est un slogan, mais aussi le titre d&rsquo;un film documentaire r\u00e9alis\u00e9 par Yannis Youlountas. Avec les t\u00e9moignages nombreux de camarades qui font bouger les lignes ici et maintenant, dans le quartier Exarcheia d&rsquo;Ath\u00e8nes et dans d&rsquo;autres bleds de Gr\u00e8ce. De quoi redonner la patate !<\/p>\n<p style=\"text-align: justify\"><a href=\"http:\/\/nevivonspluscommedesesclaves.net\/?lang=fr\" target=\"_blank\"><strong>Le film<\/strong> <\/a>sera projet\u00e9 le 1er novembre prochain, \u00e0 l&rsquo;auberge de jeunesse de Poitiers (1 all\u00e9e Roger Tagault), et \u00e7a commence \u00e0 19h30 pour une petite collation, suivie de la projection et bien s\u00fbr d&rsquo;un d\u00e9bat. Le r\u00e9alisateur sera pr\u00e9sent, une belle rencontre en perspective !<\/p>\n<p style=\"text-align: justify\">Ev\u00e9nement organis\u00e9 par l&rsquo;Epine Noire, la FA 86, l&rsquo;OCL Poitou et la CNT 86.<\/p>\n<p style=\"text-align: justify\">Entr\u00e9e libre !<\/p>\n<p style=\"text-align: justify\"><a href=\"https:\/\/fa86.noblogs.org\/files\/2013\/10\/projo2.jpg\"><img loading=\"lazy\" decoding=\"async\" class=\"alignnone size-large wp-image-9986\" alt=\"projo\" src=\"https:\/\/fa86.noblogs.org\/files\/2013\/10\/projo2.jpg\" width=\"640\" height=\"906\" \/><\/a><\/p>\n<p style=\"text-align: justify\"><em>Pavillon Noir<\/em><\/p>\n","protected":false},"excerpt":{"rendered":"<p>Ne vivons plus comme des esclaves ! C&rsquo;est un slogan, mais aussi le titre d&rsquo;un film documentaire r\u00e9alis\u00e9 par Yannis Youlountas. Avec les t\u00e9moignages nombreux de camarades qui font bouger les lignes ici et maintenant, dans le quartier Exarcheia d&rsquo;Ath\u00e8nes et dans d&rsquo;autres bleds de Gr\u00e8ce. De quoi redonner la patate ! Le film sera &hellip; <a href=\"https:\/\/fa86.noblogs.org\/?p=9987\" class=\"more-link\">Continuer la lecture de <span class=\"screen-reader-text\">[Poitiers] 1er novembre, projection de \u00ab\u00a0Ne vivons plus comme des esclaves\u00a0\u00bb<\/span> <span class=\"meta-nav\">&rarr;<\/span><\/a><\/p>\n","protected":false},"author":2691,"featured_media":0,"comment_status":"closed","ping_status":"open","sticky":false,"template":"","format":"standard","meta":{"footnotes":""},"categories":[17,11,4],"tags":[],"class_list":["post-9987","post","type-post","status-publish","format-standard","hentry","category-education-populaire","category-ni-patrie-ni-frontiere","category-se-trouver"],"_links":{"self":[{"href":"https:\/\/fa86.noblogs.org\/index.php?rest_route=\/wp\/v2\/posts\/9987","targetHints":{"allow":["GET"]}}],"collection":[{"href":"https:\/\/fa86.noblogs.org\/index.php?rest_route=\/wp\/v2\/posts"}],"about":[{"href":"https:\/\/fa86.noblogs.org\/index.php?rest_route=\/wp\/v2\/types\/post"}],"author":[{"embeddable":true,"href":"https:\/\/fa86.noblogs.org\/index.php?rest_route=\/wp\/v2\/users\/2691"}],"replies":[{"embeddable":true,"href":"https:\/\/fa86.noblogs.org\/index.php?rest_route=%2Fwp%2Fv2%2Fcomments&post=9987"}],"version-history":[{"count":2,"href":"https:\/\/fa86.noblogs.org\/index.php?rest_route=\/wp\/v2\/posts\/9987\/revisions"}],"predecessor-version":[{"id":10039,"href":"https:\/\/fa86.noblogs.org\/index.php?rest_route=\/wp\/v2\/posts\/9987\/revisions\/10039"}],"wp:attachment":[{"href":"https:\/\/fa86.noblogs.org\/index.php?rest_route=%2Fwp%2Fv2%2Fmedia&parent=9987"}],"wp:term":[{"taxonomy":"category","embeddable":true,"href":"https:\/\/fa86.noblogs.org\/index.php?rest_route=%2Fwp%2Fv2%2Fcategories&post=9987"},{"taxonomy":"post_tag","embeddable":true,"href":"https:\/\/fa86.noblogs.org\/index.php?rest_route=%2Fwp%2Fv2%2Ftags&post=9987"}],"curies":[{"name":"wp","href":"https:\/\/api.w.org\/{rel}","templated":true}]}}